{"id":13843,"date":"2026-04-29T16:55:11","date_gmt":"2026-04-29T14:55:11","guid":{"rendered":"https:\/\/www.nanomesurefrance.fr\/?p=13843"},"modified":"2026-04-29T16:57:25","modified_gmt":"2026-04-29T14:57:25","slug":"webinaire-nmf-du-22-mai-2026","status":"publish","type":"post","link":"https:\/\/www.nanomesurefrance.fr\/en\/webinaire-nmf-du-22-mai-2026\/","title":{"rendered":"Webinaire NMF du 22 mai 2026"},"content":{"rendered":"<h2>D\u00e9couvrez les enjeux de la normalisation des m\u00e9thodes d\u2019essais du graph\u00e8ne et des mat\u00e9riaux 2D avec le National Physical Laboratory (NPL) !<\/h2>\n<p>La normalisation des m\u00e9thodes d\u2019essais des mat\u00e9riaux 2D est essentielle pour garantir des mesures fiables et reproductibles, et ainsi favoriser l\u2019innovation dans des secteurs comme les batteries, les dispositifs biom\u00e9dicaux et bien d\u2019autres.<\/p>\n<p>\ud83d\udca1 Au programme :<br \/>\u2705<strong> L\u2019importance de la pr\u00e9-normalisation<\/strong> : Comment les travaux men\u00e9s au sein du programme VAMAS et d\u2019autres organismes contribuent \u00e0 \u00e9tablir des protocoles de mesure robustes.<br \/>\u2705 <strong>\u00c9tudes interlaboratoires<\/strong> : Un exemple concret de collaboration internationale pour valider les m\u00e9thodes de caract\u00e9risation.<br \/>\u2705 <strong>Du bon choix des m\u00e9thodes d\u2019essais :<\/strong> Comment choisir la ou les bonnes m\u00e9thodes analytiques pour caract\u00e9riser les propri\u00e9t\u00e9s de mat\u00e9riaux 2D industriels.<\/p>\n<p>\ud83d\uddd3 22 mai 2026<br \/>\ud83d\udd5a 11h00 \u2013 11h45 (CEST)<\/p>\n<p>\ud83d\udcc4R\u00e9sum\u00e9 disponible <a href=\"https:\/\/www.nanomesurefrance.fr\/wp-content\/uploads\/2026\/04\/NanoMesureFrance_Webinar_NPL.pdf\" target=\"_blank\" rel=\"noopener\">here<\/a>\u00a0<\/p>\n<p>\ud83d\udc49Inscription to this <a style=\"background-color: #ffffff;\" href=\"https:\/\/www.eventbrite.fr\/e\/billets-nanomesurefrance-webinar-1988152362235?aff=oddtdtcreator\" target=\"_blank\" rel=\"noopener\">link<\/a><\/p>\n\n\n<p><\/p>","protected":false},"excerpt":{"rendered":"<p>D\u00e9couvrez les enjeux de la normalisation des m\u00e9thodes d\u2019essais du graph\u00e8ne et des mat\u00e9riaux 2D avec le National Physical Laboratory (NPL) ! La normalisation des m\u00e9thodes d\u2019essais des mat\u00e9riaux 2D est essentielle pour garantir des mesures fiables et reproductibles, et ainsi favoriser l\u2019innovation dans des secteurs comme les batteries, les dispositifs biom\u00e9dicaux et bien d\u2019autres. \ud83d\udca1 Au programme :\u2705 L\u2019importance de la pr\u00e9-normalisation : Comment les travaux men\u00e9s au sein du programme VAMAS et d\u2019autres organismes contribuent \u00e0 \u00e9tablir des protocoles de mesure robustes.\u2705 \u00c9tudes interlaboratoires : Un exemple concret de collaboration internationale pour valider les m\u00e9thodes de caract\u00e9risation.\u2705 Du bon choix des m\u00e9thodes d\u2019essais : Comment choisir la ou les bonnes m\u00e9thodes analytiques pour caract\u00e9riser les propri\u00e9t\u00e9s de mat\u00e9riaux 2D industriels. \ud83d\uddd3 22 mai 2026\ud83d\udd5a 11h00 \u2013 11h45 (CEST) \ud83d\udcc4R\u00e9sum\u00e9 disponible ici\u00a0 \ud83d\udc49Inscription \u00e0 ce lien<\/p>","protected":false},"author":127,"featured_media":13844,"comment_status":"closed","ping_status":"open","sticky":false,"template":"","format":"standard","meta":{"footnotes":""},"categories":[81,1,170,79],"tags":[175,110,176,114,122],"class_list":["post-13843","post","type-post","status-publish","format-standard","has-post-thumbnail","hentry","category-comparaison-inter-laboratoires","category-evenement","category-metrologie","category-projets-rd","tag-graphene","tag-instrumentation","tag-materiaux2d","tag-normalisation","tag-webinaires","cms-has-post-thumbnail"],"_links":{"self":[{"href":"https:\/\/www.nanomesurefrance.fr\/en\/wp-json\/wp\/v2\/posts\/13843","targetHints":{"allow":["GET"]}}],"collection":[{"href":"https:\/\/www.nanomesurefrance.fr\/en\/wp-json\/wp\/v2\/posts"}],"about":[{"href":"https:\/\/www.nanomesurefrance.fr\/en\/wp-json\/wp\/v2\/types\/post"}],"author":[{"embeddable":true,"href":"https:\/\/www.nanomesurefrance.fr\/en\/wp-json\/wp\/v2\/users\/127"}],"replies":[{"embeddable":true,"href":"https:\/\/www.nanomesurefrance.fr\/en\/wp-json\/wp\/v2\/comments?post=13843"}],"version-history":[{"count":2,"href":"https:\/\/www.nanomesurefrance.fr\/en\/wp-json\/wp\/v2\/posts\/13843\/revisions"}],"predecessor-version":[{"id":13847,"href":"https:\/\/www.nanomesurefrance.fr\/en\/wp-json\/wp\/v2\/posts\/13843\/revisions\/13847"}],"wp:featuredmedia":[{"embeddable":true,"href":"https:\/\/www.nanomesurefrance.fr\/en\/wp-json\/wp\/v2\/media\/13844"}],"wp:attachment":[{"href":"https:\/\/www.nanomesurefrance.fr\/en\/wp-json\/wp\/v2\/media?parent=13843"}],"wp:term":[{"taxonomy":"category","embeddable":true,"href":"https:\/\/www.nanomesurefrance.fr\/en\/wp-json\/wp\/v2\/categories?post=13843"},{"taxonomy":"post_tag","embeddable":true,"href":"https:\/\/www.nanomesurefrance.fr\/en\/wp-json\/wp\/v2\/tags?post=13843"}],"curies":[{"name":"wp","href":"https:\/\/api.w.org\/{rel}","templated":true}]}}